{"id":2310,"date":"2018-01-17T08:16:59","date_gmt":"2018-01-17T07:16:59","guid":{"rendered":"https:\/\/oliver-twist.dk\/?p=2310"},"modified":"2018-01-17T08:16:59","modified_gmt":"2018-01-17T07:16:59","slug":"oliver-twist-auf-internationalen-gruene-woche","status":"publish","type":"post","link":"https:\/\/oliver-twist.dk\/de\/oliver-twist-auf-internationalen-gruene-woche\/","title":{"rendered":"Oliver Twist auf der Internationalen Gr\u00fcne Woche"},"content":{"rendered":"<p>Dieses Jahr besuchen wir wieder die Internationale Gr\u00fcne Woche in Berlin. Diese Messe ist einzigartig als internationale Ausstellung f\u00fcr Ern\u00e4hrung, Landwirtschaft und Gartenbau. Hier finden Sie \u00fcber 1.600 Aussteller mit mehr als 100.000 Produkten aus Deutschland und der Welt.<\/p>\n<p>Wir freuen uns, wenn Sie uns am d\u00e4nischen Messestand 109 in Hal 8.2 besuchen m\u00f6chten. Lernen Sie uns kennen und informieren sich \u00fcber Oliver Twist.<\/p>\n<p>Sie finden uns auf der Messe von. 19.-28. Januar 2018.<\/p>\n<p><strong>\u00d6ffnungszeiten:<\/strong> 19. &#8211; 28. Januar 2018: 10:00 \u2013 18:00 Uhr<br \/>\nFreitag, 26. Januar 2018: 10:00 \u2013 20:00 Uhr<\/p>\n<p><a href=\"http:\/\/www.gruenewoche.de\/DieMesse\">Mehr Information zur Gr\u00fcnen Woche finden Sie hier<\/a>.<\/p>\n<p>Wir freuen uns auf Sie!<\/p>\n","protected":false},"excerpt":{"rendered":"<p>Dieses Jahr besuchen wir wieder die Internationale Gr\u00fcne Woche in Berlin. Diese Messe ist einzigartig als internationale Ausstellung f\u00fcr Ern\u00e4hrung, Landwirtschaft und Gartenbau. Hier finden Sie \u00fcber 1.600 Aussteller mit mehr als 100.000 Produkten aus Deutschland und der Welt. Wir freuen uns, wenn Sie uns am d\u00e4nischen Messestand 109 in Hal 8.2 besuchen m\u00f6chten. Lernen [&hellip;]<\/p>\n","protected":false},"author":5,"featured_media":2318,"comment_status":"closed","ping_status":"closed","sticky":false,"template":"","format":"standard","meta":{"_acf_changed":false,"footnotes":""},"categories":[28],"tags":[],"class_list":["post-2310","post","type-post","status-publish","format-standard","has-post-thumbnail","hentry","category-unkategorisiert"],"acf":[],"yoast_head":"<!-- This site is optimized with the Yoast SEO Premium plugin v27.0 (Yoast SEO v27.0) - https:\/\/yoast.com\/product\/yoast-seo-premium-wordpress\/ -->\n<title>Oliver Twist auf der Internationalen Gr\u00fcne Woche | Oliver Twist<\/title>\n<meta name=\"robots\" content=\"index, follow, max-snippet:-1, max-image-preview:large, max-video-preview:-1\" \/>\n<link rel=\"canonical\" href=\"https:\/\/oliver-twist.dk\/de\/oliver-twist-auf-internationalen-gruene-woche\/\" \/>\n<meta property=\"og:locale\" content=\"de_DE\" \/>\n<meta property=\"og:type\" content=\"article\" \/>\n<meta property=\"og:title\" content=\"Oliver Twist auf der Internationalen Gr\u00fcne Woche\" \/>\n<meta property=\"og:description\" content=\"Dieses Jahr besuchen wir wieder die Internationale Gr\u00fcne Woche in Berlin. Diese Messe ist einzigartig als internationale Ausstellung f\u00fcr Ern\u00e4hrung, Landwirtschaft und Gartenbau. Hier finden Sie \u00fcber 1.600 Aussteller mit mehr als 100.000 Produkten aus Deutschland und der Welt. Wir freuen uns, wenn Sie uns am d\u00e4nischen Messestand 109 in Hal 8.2 besuchen m\u00f6chten. Lernen [&hellip;]\" \/>\n<meta property=\"og:url\" content=\"https:\/\/oliver-twist.dk\/de\/oliver-twist-auf-internationalen-gruene-woche\/\" \/>\n<meta property=\"og:site_name\" content=\"Oliver Twist\" \/>\n<meta property=\"article:publisher\" content=\"https:\/\/www.facebook.com\/HouseofOliverTwist\/\" \/>\n<meta property=\"article:published_time\" content=\"2018-01-17T07:16:59+00:00\" \/>\n<meta property=\"og:image\" content=\"https:\/\/oliver-twist.dk\/wp-content\/uploads\/2018\/01\/mam_273569_450642_Fancybox-de-2.jpg\" \/>\n\t<meta property=\"og:image:width\" content=\"1007\" \/>\n\t<meta property=\"og:image:height\" content=\"670\" \/>\n\t<meta property=\"og:image:type\" content=\"image\/jpeg\" \/>\n<meta name=\"author\" content=\"Pia\/Oliver Twist\" \/>\n<meta name=\"twitter:card\" content=\"summary_large_image\" \/>\n<meta name=\"twitter:label1\" content=\"Verfasst von\" \/>\n\t<meta name=\"twitter:data1\" content=\"Pia\/Oliver Twist\" \/>\n<script type=\"application\/ld+json\" class=\"yoast-schema-graph\">{\"@context\":\"https:\/\/schema.org\",\"@graph\":[{\"@type\":\"Article\",\"@id\":\"https:\/\/oliver-twist.dk\/de\/oliver-twist-auf-internationalen-gruene-woche\/#article\",\"isPartOf\":{\"@id\":\"https:\/\/oliver-twist.dk\/de\/oliver-twist-auf-internationalen-gruene-woche\/\"},\"author\":{\"name\":\"Pia\/Oliver Twist\",\"@id\":\"https:\/\/oliver-twist.dk\/en\/#\/schema\/person\/97b63c2b6c35c17e5b8e90a441e8b558\"},\"headline\":\"Oliver Twist auf der Internationalen Gr\u00fcne Woche\",\"datePublished\":\"2018-01-17T07:16:59+00:00\",\"mainEntityOfPage\":{\"@id\":\"https:\/\/oliver-twist.dk\/de\/oliver-twist-auf-internationalen-gruene-woche\/\"},\"wordCount\":103,\"publisher\":{\"@id\":\"https:\/\/oliver-twist.dk\/en\/#organization\"},\"image\":{\"@id\":\"https:\/\/oliver-twist.dk\/de\/oliver-twist-auf-internationalen-gruene-woche\/#primaryimage\"},\"thumbnailUrl\":\"https:\/\/oliver-twist.dk\/wp-content\/uploads\/2018\/01\/mam_273569_450642_Fancybox-de-2.jpg\",\"articleSection\":[\"Unkategorisiert\"],\"inLanguage\":\"de\"},{\"@type\":\"WebPage\",\"@id\":\"https:\/\/oliver-twist.dk\/de\/oliver-twist-auf-internationalen-gruene-woche\/\",\"url\":\"https:\/\/oliver-twist.dk\/de\/oliver-twist-auf-internationalen-gruene-woche\/\",\"name\":\"Oliver Twist auf der Internationalen Gr\u00fcne Woche | Oliver Twist\",\"isPartOf\":{\"@id\":\"https:\/\/oliver-twist.dk\/en\/#website\"},\"primaryImageOfPage\":{\"@id\":\"https:\/\/oliver-twist.dk\/de\/oliver-twist-auf-internationalen-gruene-woche\/#primaryimage\"},\"image\":{\"@id\":\"https:\/\/oliver-twist.dk\/de\/oliver-twist-auf-internationalen-gruene-woche\/#primaryimage\"},\"thumbnailUrl\":\"https:\/\/oliver-twist.dk\/wp-content\/uploads\/2018\/01\/mam_273569_450642_Fancybox-de-2.jpg\",\"datePublished\":\"2018-01-17T07:16:59+00:00\",\"breadcrumb\":{\"@id\":\"https:\/\/oliver-twist.dk\/de\/oliver-twist-auf-internationalen-gruene-woche\/#breadcrumb\"},\"inLanguage\":\"de\",\"potentialAction\":[{\"@type\":\"ReadAction\",\"target\":[\"https:\/\/oliver-twist.dk\/de\/oliver-twist-auf-internationalen-gruene-woche\/\"]}]},{\"@type\":\"ImageObject\",\"inLanguage\":\"de\",\"@id\":\"https:\/\/oliver-twist.dk\/de\/oliver-twist-auf-internationalen-gruene-woche\/#primaryimage\",\"url\":\"https:\/\/oliver-twist.dk\/wp-content\/uploads\/2018\/01\/mam_273569_450642_Fancybox-de-2.jpg\",\"contentUrl\":\"https:\/\/oliver-twist.dk\/wp-content\/uploads\/2018\/01\/mam_273569_450642_Fancybox-de-2.jpg\",\"width\":1007,\"height\":670},{\"@type\":\"BreadcrumbList\",\"@id\":\"https:\/\/oliver-twist.dk\/de\/oliver-twist-auf-internationalen-gruene-woche\/#breadcrumb\",\"itemListElement\":[{\"@type\":\"ListItem\",\"position\":1,\"name\":\"Startseite\",\"item\":\"https:\/\/oliver-twist.dk\/de\/\"},{\"@type\":\"ListItem\",\"position\":2,\"name\":\"Oliver Twist auf der Internationalen Gr\u00fcne Woche\"}]},{\"@type\":\"WebSite\",\"@id\":\"https:\/\/oliver-twist.dk\/en\/#website\",\"url\":\"https:\/\/oliver-twist.dk\/en\/\",\"name\":\"Oliver Twist\",\"description\":\"Sm\u00e5 diskrete tobakspastiller med naturligt nikotin indhold\",\"publisher\":{\"@id\":\"https:\/\/oliver-twist.dk\/en\/#organization\"},\"potentialAction\":[{\"@type\":\"SearchAction\",\"target\":{\"@type\":\"EntryPoint\",\"urlTemplate\":\"https:\/\/oliver-twist.dk\/en\/?s={search_term_string}\"},\"query-input\":{\"@type\":\"PropertyValueSpecification\",\"valueRequired\":true,\"valueName\":\"search_term_string\"}}],\"inLanguage\":\"de\"},{\"@type\":\"Organization\",\"@id\":\"https:\/\/oliver-twist.dk\/en\/#organization\",\"name\":\"House of Oliver Twist\",\"url\":\"https:\/\/oliver-twist.dk\/en\/\",\"logo\":{\"@type\":\"ImageObject\",\"inLanguage\":\"de\",\"@id\":\"https:\/\/oliver-twist.dk\/en\/#\/schema\/logo\/image\/\",\"url\":\"https:\/\/oliver-twist.dk\/wp-content\/uploads\/2020\/09\/Oliver-Twist_Sort-PNG-1.png\",\"contentUrl\":\"https:\/\/oliver-twist.dk\/wp-content\/uploads\/2020\/09\/Oliver-Twist_Sort-PNG-1.png\",\"width\":774,\"height\":236,\"caption\":\"House of Oliver Twist\"},\"image\":{\"@id\":\"https:\/\/oliver-twist.dk\/en\/#\/schema\/logo\/image\/\"},\"sameAs\":[\"https:\/\/www.facebook.com\/HouseofOliverTwist\/\",\"https:\/\/www.linkedin.com\/company\/house-of-oliver-twist\/\",\"https:\/\/www.youtube.com\/channel\/UCnHIfJXeHCZHCcWjKW_fVCg\"]},{\"@type\":\"Person\",\"@id\":\"https:\/\/oliver-twist.dk\/en\/#\/schema\/person\/97b63c2b6c35c17e5b8e90a441e8b558\",\"name\":\"Pia\/Oliver Twist\",\"url\":\"https:\/\/oliver-twist.dk\/de\/author\/pia\/\"}]}<\/script>\n<!-- \/ Yoast SEO Premium plugin. -->","yoast_head_json":{"title":"Oliver Twist auf der Internationalen Gr\u00fcne Woche | Oliver Twist","robots":{"index":"index","follow":"follow","max-snippet":"max-snippet:-1","max-image-preview":"max-image-preview:large","max-video-preview":"max-video-preview:-1"},"canonical":"https:\/\/oliver-twist.dk\/de\/oliver-twist-auf-internationalen-gruene-woche\/","og_locale":"de_DE","og_type":"article","og_title":"Oliver Twist auf der Internationalen Gr\u00fcne Woche","og_description":"Dieses Jahr besuchen wir wieder die Internationale Gr\u00fcne Woche in Berlin. Diese Messe ist einzigartig als internationale Ausstellung f\u00fcr Ern\u00e4hrung, Landwirtschaft und Gartenbau. Hier finden Sie \u00fcber 1.600 Aussteller mit mehr als 100.000 Produkten aus Deutschland und der Welt. Wir freuen uns, wenn Sie uns am d\u00e4nischen Messestand 109 in Hal 8.2 besuchen m\u00f6chten. Lernen [&hellip;]","og_url":"https:\/\/oliver-twist.dk\/de\/oliver-twist-auf-internationalen-gruene-woche\/","og_site_name":"Oliver Twist","article_publisher":"https:\/\/www.facebook.com\/HouseofOliverTwist\/","article_published_time":"2018-01-17T07:16:59+00:00","og_image":[{"width":1007,"height":670,"url":"https:\/\/oliver-twist.dk\/wp-content\/uploads\/2018\/01\/mam_273569_450642_Fancybox-de-2.jpg","type":"image\/jpeg"}],"author":"Pia\/Oliver Twist","twitter_card":"summary_large_image","twitter_misc":{"Verfasst von":"Pia\/Oliver Twist"},"schema":{"@context":"https:\/\/schema.org","@graph":[{"@type":"Article","@id":"https:\/\/oliver-twist.dk\/de\/oliver-twist-auf-internationalen-gruene-woche\/#article","isPartOf":{"@id":"https:\/\/oliver-twist.dk\/de\/oliver-twist-auf-internationalen-gruene-woche\/"},"author":{"name":"Pia\/Oliver Twist","@id":"https:\/\/oliver-twist.dk\/en\/#\/schema\/person\/97b63c2b6c35c17e5b8e90a441e8b558"},"headline":"Oliver Twist auf der Internationalen Gr\u00fcne Woche","datePublished":"2018-01-17T07:16:59+00:00","mainEntityOfPage":{"@id":"https:\/\/oliver-twist.dk\/de\/oliver-twist-auf-internationalen-gruene-woche\/"},"wordCount":103,"publisher":{"@id":"https:\/\/oliver-twist.dk\/en\/#organization"},"image":{"@id":"https:\/\/oliver-twist.dk\/de\/oliver-twist-auf-internationalen-gruene-woche\/#primaryimage"},"thumbnailUrl":"https:\/\/oliver-twist.dk\/wp-content\/uploads\/2018\/01\/mam_273569_450642_Fancybox-de-2.jpg","articleSection":["Unkategorisiert"],"inLanguage":"de"},{"@type":"WebPage","@id":"https:\/\/oliver-twist.dk\/de\/oliver-twist-auf-internationalen-gruene-woche\/","url":"https:\/\/oliver-twist.dk\/de\/oliver-twist-auf-internationalen-gruene-woche\/","name":"Oliver Twist auf der Internationalen Gr\u00fcne Woche | Oliver Twist","isPartOf":{"@id":"https:\/\/oliver-twist.dk\/en\/#website"},"primaryImageOfPage":{"@id":"https:\/\/oliver-twist.dk\/de\/oliver-twist-auf-internationalen-gruene-woche\/#primaryimage"},"image":{"@id":"https:\/\/oliver-twist.dk\/de\/oliver-twist-auf-internationalen-gruene-woche\/#primaryimage"},"thumbnailUrl":"https:\/\/oliver-twist.dk\/wp-content\/uploads\/2018\/01\/mam_273569_450642_Fancybox-de-2.jpg","datePublished":"2018-01-17T07:16:59+00:00","breadcrumb":{"@id":"https:\/\/oliver-twist.dk\/de\/oliver-twist-auf-internationalen-gruene-woche\/#breadcrumb"},"inLanguage":"de","potentialAction":[{"@type":"ReadAction","target":["https:\/\/oliver-twist.dk\/de\/oliver-twist-auf-internationalen-gruene-woche\/"]}]},{"@type":"ImageObject","inLanguage":"de","@id":"https:\/\/oliver-twist.dk\/de\/oliver-twist-auf-internationalen-gruene-woche\/#primaryimage","url":"https:\/\/oliver-twist.dk\/wp-content\/uploads\/2018\/01\/mam_273569_450642_Fancybox-de-2.jpg","contentUrl":"https:\/\/oliver-twist.dk\/wp-content\/uploads\/2018\/01\/mam_273569_450642_Fancybox-de-2.jpg","width":1007,"height":670},{"@type":"BreadcrumbList","@id":"https:\/\/oliver-twist.dk\/de\/oliver-twist-auf-internationalen-gruene-woche\/#breadcrumb","itemListElement":[{"@type":"ListItem","position":1,"name":"Startseite","item":"https:\/\/oliver-twist.dk\/de\/"},{"@type":"ListItem","position":2,"name":"Oliver Twist auf der Internationalen Gr\u00fcne Woche"}]},{"@type":"WebSite","@id":"https:\/\/oliver-twist.dk\/en\/#website","url":"https:\/\/oliver-twist.dk\/en\/","name":"Oliver Twist","description":"Sm\u00e5 diskrete tobakspastiller med naturligt nikotin indhold","publisher":{"@id":"https:\/\/oliver-twist.dk\/en\/#organization"},"potentialAction":[{"@type":"SearchAction","target":{"@type":"EntryPoint","urlTemplate":"https:\/\/oliver-twist.dk\/en\/?s={search_term_string}"},"query-input":{"@type":"PropertyValueSpecification","valueRequired":true,"valueName":"search_term_string"}}],"inLanguage":"de"},{"@type":"Organization","@id":"https:\/\/oliver-twist.dk\/en\/#organization","name":"House of Oliver Twist","url":"https:\/\/oliver-twist.dk\/en\/","logo":{"@type":"ImageObject","inLanguage":"de","@id":"https:\/\/oliver-twist.dk\/en\/#\/schema\/logo\/image\/","url":"https:\/\/oliver-twist.dk\/wp-content\/uploads\/2020\/09\/Oliver-Twist_Sort-PNG-1.png","contentUrl":"https:\/\/oliver-twist.dk\/wp-content\/uploads\/2020\/09\/Oliver-Twist_Sort-PNG-1.png","width":774,"height":236,"caption":"House of Oliver Twist"},"image":{"@id":"https:\/\/oliver-twist.dk\/en\/#\/schema\/logo\/image\/"},"sameAs":["https:\/\/www.facebook.com\/HouseofOliverTwist\/","https:\/\/www.linkedin.com\/company\/house-of-oliver-twist\/","https:\/\/www.youtube.com\/channel\/UCnHIfJXeHCZHCcWjKW_fVCg"]},{"@type":"Person","@id":"https:\/\/oliver-twist.dk\/en\/#\/schema\/person\/97b63c2b6c35c17e5b8e90a441e8b558","name":"Pia\/Oliver Twist","url":"https:\/\/oliver-twist.dk\/de\/author\/pia\/"}]}},"_links":{"self":[{"href":"https:\/\/oliver-twist.dk\/de\/wp-json\/wp\/v2\/posts\/2310","targetHints":{"allow":["GET"]}}],"collection":[{"href":"https:\/\/oliver-twist.dk\/de\/wp-json\/wp\/v2\/posts"}],"about":[{"href":"https:\/\/oliver-twist.dk\/de\/wp-json\/wp\/v2\/types\/post"}],"author":[{"embeddable":true,"href":"https:\/\/oliver-twist.dk\/de\/wp-json\/wp\/v2\/users\/5"}],"replies":[{"embeddable":true,"href":"https:\/\/oliver-twist.dk\/de\/wp-json\/wp\/v2\/comments?post=2310"}],"version-history":[{"count":3,"href":"https:\/\/oliver-twist.dk\/de\/wp-json\/wp\/v2\/posts\/2310\/revisions"}],"predecessor-version":[{"id":2325,"href":"https:\/\/oliver-twist.dk\/de\/wp-json\/wp\/v2\/posts\/2310\/revisions\/2325"}],"wp:featuredmedia":[{"embeddable":true,"href":"https:\/\/oliver-twist.dk\/de\/wp-json\/wp\/v2\/media\/2318"}],"wp:attachment":[{"href":"https:\/\/oliver-twist.dk\/de\/wp-json\/wp\/v2\/media?parent=2310"}],"wp:term":[{"taxonomy":"category","embeddable":true,"href":"https:\/\/oliver-twist.dk\/de\/wp-json\/wp\/v2\/categories?post=2310"},{"taxonomy":"post_tag","embeddable":true,"href":"https:\/\/oliver-twist.dk\/de\/wp-json\/wp\/v2\/tags?post=2310"}],"curies":[{"name":"wp","href":"https:\/\/api.w.org\/{rel}","templated":true}]}}